{"id":984,"date":"2012-10-21T11:41:38","date_gmt":"2012-10-21T17:41:38","guid":{"rendered":"http:\/\/www.galeriaoctagono.com\/blog\/?p=984"},"modified":"2021-07-05T18:32:40","modified_gmt":"2021-07-06T00:32:40","slug":"ix-art-al-vent-spainespana","status":"publish","type":"post","link":"https:\/\/www.galeriaoctagono.com\/blog\/?p=984","title":{"rendered":"Silvia Piza-Tandlich: 9th Art Al Vent, Spain \/ IX Balconada Art Al Vent en Espa\u00f1a"},"content":{"rendered":"<p>Here is my work in the beautiful Art Al Vent catalog.<br \/>\n<strong>Aqu\u00ed est\u00e1 mi obra en el lindo cat\u00e1logo de Art Al Vent:<\/strong><\/p>\n<p><a href=\"http:\/\/www.galeriaoctagono.com\/blog\/wp-content\/uploads\/ArtAlVent-Catalog.jpg\"><img loading=\"lazy\" decoding=\"async\" src=\"http:\/\/www.galeriaoctagono.com\/blog\/wp-content\/uploads\/ArtAlVent-Catalog.jpg\" alt=\"\" title=\"ArtAlVent Catalog\" width=\"640\" height=\"360\" class=\"aligncenter size-full wp-image-985\" srcset=\"https:\/\/www.galeriaoctagono.com\/blog\/wp-content\/uploads\/ArtAlVent-Catalog.jpg 640w, https:\/\/www.galeriaoctagono.com\/blog\/wp-content\/uploads\/ArtAlVent-Catalog-300x168.jpg 300w, https:\/\/www.galeriaoctagono.com\/blog\/wp-content\/uploads\/ArtAlVent-Catalog-500x281.jpg 500w\" sizes=\"auto, (max-width: 640px) 100vw, 640px\" \/><\/a><br \/>\n&#8212;&#8212;&#8212;&#8212;&#8212;&#8212;&#8212;&#8212;&#8212;&#8212;&#8212;&#8212;&#8212;-<\/p>\n<p>The festival was featured in the Fall 2012 issue of Fiber Art Now magazine, and my work is featured in the article.<br \/>\n<strong>El festival sali\u00f3 en la edici\u00f3n de oto\u00f1o 2012 de la revista Fiber Art Now y mi obra sale en el art\u00edculo:<\/strong><\/p>\n<p><a href=\"http:\/\/fiberartnow.net\/\" title=\"Fiber Art Now Magazine\" target=\"_blank\" rel=\"noopener\">http:\/\/fiberartnow.net\/<\/a><br \/>\n<a href=\"http:\/\/www.galeriaoctagono.com\/blog\/wp-content\/uploads\/ArtAlVent-1.jpg\"><img loading=\"lazy\" decoding=\"async\" src=\"http:\/\/www.galeriaoctagono.com\/blog\/wp-content\/uploads\/ArtAlVent-1-150x150.jpg\" alt=\"\" title=\"ArtAlVent 1\" width=\"150\" height=\"150\" class=\"alignleft size-thumbnail wp-image-986\" \/><\/a><a href=\"http:\/\/www.galeriaoctagono.com\/blog\/wp-content\/uploads\/ArtAlVent-2.jpg\"><img loading=\"lazy\" decoding=\"async\" src=\"http:\/\/www.galeriaoctagono.com\/blog\/wp-content\/uploads\/ArtAlVent-2-150x150.jpg\" alt=\"\" title=\"ArtAlVent 2\" width=\"150\" height=\"150\" class=\"alignleft size-thumbnail wp-image-987\" \/><\/a><a href=\"http:\/\/www.galeriaoctagono.com\/blog\/wp-content\/uploads\/ArtAlVent-3.jpg\"><img loading=\"lazy\" decoding=\"async\" src=\"http:\/\/www.galeriaoctagono.com\/blog\/wp-content\/uploads\/ArtAlVent-3-150x150.jpg\" alt=\"\" title=\"ArtAlVent 3\" width=\"150\" height=\"150\" class=\"alignleft size-thumbnail wp-image-988\" \/><\/a><a href=\"http:\/\/www.galeriaoctagono.com\/blog\/wp-content\/uploads\/ArtAlVent-4.jpg\"><img loading=\"lazy\" decoding=\"async\" src=\"http:\/\/www.galeriaoctagono.com\/blog\/wp-content\/uploads\/ArtAlVent-4-150x150.jpg\" alt=\"\" title=\"ArtAlVent 4\" width=\"150\" height=\"150\" class=\"alignleft size-thumbnail wp-image-989\"\/><\/a><\/p>\n<p>&#8212;&#8212;&#8212;&#8212;&#8212;&#8212;&#8212;&#8212;&#8212;&#8212;&#8212;&#8212;&#8212;-<br \/>\n<a href=\"http:\/\/issuu.com\/revistadaci\/docs\/artalvent9\" title=\"Cat\u00c3\u00a0logo Art Al Vent IX\" target=\"_blank\" rel=\"noopener\">http:\/\/issuu.com\/revistadaci\/docs\/artalvent9<\/a><\/p>\n<p>And here are photographs of the event at Gata de Gorgos, Spain.<br \/>\n<strong>Y aqu\u00ed vemos fotograf\u00edas del evento en Gata de Gorgos, provincia de Alicante, Espa\u00f1a.<\/strong><\/p>\n<p><a href=\"http:\/\/www.galeriaoctagono.com\/blog\/wp-content\/uploads\/Art-Al-Vent-1.jpg\"><img loading=\"lazy\" decoding=\"async\" src=\"http:\/\/www.galeriaoctagono.com\/blog\/wp-content\/uploads\/Art-Al-Vent-1.jpg\" alt=\"\" title=\"Art Al Vent 1\" width=\"640\" height=\"500\" class=\"aligncenter size-full wp-image-1007\" srcset=\"https:\/\/www.galeriaoctagono.com\/blog\/wp-content\/uploads\/Art-Al-Vent-1.jpg 640w, https:\/\/www.galeriaoctagono.com\/blog\/wp-content\/uploads\/Art-Al-Vent-1-300x234.jpg 300w, https:\/\/www.galeriaoctagono.com\/blog\/wp-content\/uploads\/Art-Al-Vent-1-384x300.jpg 384w\" sizes=\"auto, (max-width: 640px) 100vw, 640px\" \/><\/a><br \/>\n<a href=\"http:\/\/www.galeriaoctagono.com\/blog\/wp-content\/uploads\/Art-Al-Vent-2.jpg\"><img loading=\"lazy\" decoding=\"async\" src=\"http:\/\/www.galeriaoctagono.com\/blog\/wp-content\/uploads\/Art-Al-Vent-2-239x300.jpg\" alt=\"\" title=\"Art Al Vent 2\" width=\"239\" height=\"300\" class=\"alignleft size-medium wp-image-1008\" srcset=\"https:\/\/www.galeriaoctagono.com\/blog\/wp-content\/uploads\/Art-Al-Vent-2-239x300.jpg 239w, https:\/\/www.galeriaoctagono.com\/blog\/wp-content\/uploads\/Art-Al-Vent-2.jpg 510w\" sizes=\"auto, (max-width: 239px) 100vw, 239px\" \/><\/a><a href=\"http:\/\/www.galeriaoctagono.com\/blog\/wp-content\/uploads\/Art-Al-Vent-3.jpg\"><img loading=\"lazy\" decoding=\"async\" src=\"http:\/\/www.galeriaoctagono.com\/blog\/wp-content\/uploads\/Art-Al-Vent-3-232x300.jpg\" alt=\"\" title=\"Art Al Vent 3\" width=\"232\" height=\"300\" class=\"alignright size-medium wp-image-1009\" srcset=\"https:\/\/www.galeriaoctagono.com\/blog\/wp-content\/uploads\/Art-Al-Vent-3-232x300.jpg 232w, https:\/\/www.galeriaoctagono.com\/blog\/wp-content\/uploads\/Art-Al-Vent-3.jpg 496w\" sizes=\"auto, (max-width: 232px) 100vw, 232px\" \/><\/a><br \/>\n<a href=\"http:\/\/www.galeriaoctagono.com\/blog\/wp-content\/uploads\/Art-Al-Vent-4.jpg\"><img loading=\"lazy\" decoding=\"async\" src=\"http:\/\/www.galeriaoctagono.com\/blog\/wp-content\/uploads\/Art-Al-Vent-4-150x150.jpg\" alt=\"\" title=\"Art Al Vent 4\" width=\"150\" height=\"150\" class=\"alignleft size-thumbnail wp-image-1010\" \/><\/a><a href=\"http:\/\/www.galeriaoctagono.com\/blog\/wp-content\/uploads\/Art-Al-Vent-5.jpg\"><img loading=\"lazy\" decoding=\"async\" src=\"http:\/\/www.galeriaoctagono.com\/blog\/wp-content\/uploads\/Art-Al-Vent-5-150x150.jpg\" alt=\"\" title=\"Art Al Vent 5\" width=\"150\" height=\"150\" class=\"alignleft size-thumbnail wp-image-1011\" \/><\/a><a href=\"http:\/\/www.galeriaoctagono.com\/blog\/wp-content\/uploads\/Art-Al-Vent-6.jpg\"><img loading=\"lazy\" decoding=\"async\" src=\"http:\/\/www.galeriaoctagono.com\/blog\/wp-content\/uploads\/Art-Al-Vent-6-150x150.jpg\" alt=\"\" title=\"Art Al Vent 6\" width=\"150\" height=\"150\" class=\"alignleft size-thumbnail wp-image-1012\" \/><\/a><br \/>\n&#8212;&#8212;&#8212;&#8212;&#8212;&#8212;&#8212;&#8212;-<\/p>\n","protected":false},"excerpt":{"rendered":"<p>Here is my work in the beautiful Art Al Vent catalog. Aqu\u00ed est\u00e1 mi obra en el lindo cat\u00e1logo de Art Al Vent: &#8212;&#8212;&#8212;&#8212;&#8212;&#8212;&#8212;&#8212;&#8212;&#8212;&#8212;&#8212;&#8212;- The festival was featured in the Fall 2012 issue of Fiber Art Now magazine, and my work is featured in the article. El festival sali\u00f3 en la edici\u00f3n de oto\u00f1o 2012 &hellip; <\/p>\n<p class=\"link-more\"><a href=\"https:\/\/www.galeriaoctagono.com\/blog\/?p=984\" class=\"more-link\">Continue reading<span class=\"screen-reader-text\"> &#8220;Silvia Piza-Tandlich: 9th Art Al Vent, Spain \/ IX Balconada Art Al Vent en Espa\u00f1a&#8221;<\/span><\/a><\/p>\n","protected":false},"author":3,"featured_media":0,"comment_status":"open","ping_status":"open","sticky":false,"template":"","format":"standard","meta":{"footnotes":""},"categories":[8],"tags":[],"class_list":["post-984","post","type-post","status-publish","format-standard","hentry","category-exhibits"],"_links":{"self":[{"href":"https:\/\/www.galeriaoctagono.com\/blog\/index.php?rest_route=\/wp\/v2\/posts\/984","targetHints":{"allow":["GET"]}}],"collection":[{"href":"https:\/\/www.galeriaoctagono.com\/blog\/index.php?rest_route=\/wp\/v2\/posts"}],"about":[{"href":"https:\/\/www.galeriaoctagono.com\/blog\/index.php?rest_route=\/wp\/v2\/types\/post"}],"author":[{"embeddable":true,"href":"https:\/\/www.galeriaoctagono.com\/blog\/index.php?rest_route=\/wp\/v2\/users\/3"}],"replies":[{"embeddable":true,"href":"https:\/\/www.galeriaoctagono.com\/blog\/index.php?rest_route=%2Fwp%2Fv2%2Fcomments&post=984"}],"version-history":[{"count":10,"href":"https:\/\/www.galeriaoctagono.com\/blog\/index.php?rest_route=\/wp\/v2\/posts\/984\/revisions"}],"predecessor-version":[{"id":2043,"href":"https:\/\/www.galeriaoctagono.com\/blog\/index.php?rest_route=\/wp\/v2\/posts\/984\/revisions\/2043"}],"wp:attachment":[{"href":"https:\/\/www.galeriaoctagono.com\/blog\/index.php?rest_route=%2Fwp%2Fv2%2Fmedia&parent=984"}],"wp:term":[{"taxonomy":"category","embeddable":true,"href":"https:\/\/www.galeriaoctagono.com\/blog\/index.php?rest_route=%2Fwp%2Fv2%2Fcategories&post=984"},{"taxonomy":"post_tag","embeddable":true,"href":"https:\/\/www.galeriaoctagono.com\/blog\/index.php?rest_route=%2Fwp%2Fv2%2Ftags&post=984"}],"curies":[{"name":"wp","href":"https:\/\/api.w.org\/{rel}","templated":true}]}}