{"id":878,"date":"2012-07-31T08:33:44","date_gmt":"2012-07-31T14:33:44","guid":{"rendered":"http:\/\/www.galeriaoctagono.com\/blog\/?p=878"},"modified":"2021-07-05T18:17:06","modified_gmt":"2021-07-06T00:17:06","slug":"preparandome-para-art-al-vent-preparing-for-art-al-vent","status":"publish","type":"post","link":"https:\/\/www.galeriaoctagono.com\/blog\/?p=878","title":{"rendered":"Silvia Piza-Tandlich: ART AL VENT Festival \/ ART AL VENT"},"content":{"rendered":"<p><div id='gallery-1' class='gallery galleryid-878 gallery-columns-3 gallery-size-thumbnail'><figure class='gallery-item'>\n\t\t\t<div class='gallery-icon landscape'>\n\t\t\t\t<a href='https:\/\/www.galeriaoctagono.com\/blog\/?attachment_id=879'><img loading=\"lazy\" decoding=\"async\" width=\"150\" height=\"150\" src=\"https:\/\/www.galeriaoctagono.com\/blog\/wp-content\/uploads\/Proceso-1-150x150.jpg\" class=\"attachment-thumbnail size-thumbnail\" alt=\"\" sizes=\"auto, 100vw\" \/><\/a>\n\t\t\t<\/div><\/figure><figure class='gallery-item'>\n\t\t\t<div class='gallery-icon landscape'>\n\t\t\t\t<a href='https:\/\/www.galeriaoctagono.com\/blog\/?attachment_id=880'><img loading=\"lazy\" decoding=\"async\" width=\"150\" height=\"150\" src=\"https:\/\/www.galeriaoctagono.com\/blog\/wp-content\/uploads\/Proceso-2-150x150.jpg\" class=\"attachment-thumbnail size-thumbnail\" alt=\"\" sizes=\"auto, 100vw\" \/><\/a>\n\t\t\t<\/div><\/figure><figure class='gallery-item'>\n\t\t\t<div class='gallery-icon landscape'>\n\t\t\t\t<a href='https:\/\/www.galeriaoctagono.com\/blog\/?attachment_id=881'><img loading=\"lazy\" decoding=\"async\" width=\"150\" height=\"150\" src=\"https:\/\/www.galeriaoctagono.com\/blog\/wp-content\/uploads\/Proceso-3-150x150.jpg\" class=\"attachment-thumbnail size-thumbnail\" alt=\"\" sizes=\"auto, 100vw\" \/><\/a>\n\t\t\t<\/div><\/figure><figure class='gallery-item'>\n\t\t\t<div class='gallery-icon landscape'>\n\t\t\t\t<a href='https:\/\/www.galeriaoctagono.com\/blog\/?attachment_id=882'><img loading=\"lazy\" decoding=\"async\" width=\"150\" height=\"150\" src=\"https:\/\/www.galeriaoctagono.com\/blog\/wp-content\/uploads\/Proceso-4-150x150.jpg\" class=\"attachment-thumbnail size-thumbnail\" alt=\"\" sizes=\"auto, 100vw\" \/><\/a>\n\t\t\t<\/div><\/figure><figure class='gallery-item'>\n\t\t\t<div class='gallery-icon landscape'>\n\t\t\t\t<a href='https:\/\/www.galeriaoctagono.com\/blog\/?attachment_id=883'><img loading=\"lazy\" decoding=\"async\" width=\"150\" height=\"150\" src=\"https:\/\/www.galeriaoctagono.com\/blog\/wp-content\/uploads\/Proceso-5-150x150.jpg\" class=\"attachment-thumbnail size-thumbnail\" alt=\"\" sizes=\"auto, 100vw\" \/><\/a>\n\t\t\t<\/div><\/figure><figure class='gallery-item'>\n\t\t\t<div class='gallery-icon landscape'>\n\t\t\t\t<a href='https:\/\/www.galeriaoctagono.com\/blog\/?attachment_id=884'><img loading=\"lazy\" decoding=\"async\" width=\"150\" height=\"150\" src=\"https:\/\/www.galeriaoctagono.com\/blog\/wp-content\/uploads\/Proceso-6-150x150.jpg\" class=\"attachment-thumbnail size-thumbnail\" alt=\"\" sizes=\"auto, 100vw\" \/><\/a>\n\t\t\t<\/div><\/figure><figure class='gallery-item'>\n\t\t\t<div class='gallery-icon landscape'>\n\t\t\t\t<a href='https:\/\/www.galeriaoctagono.com\/blog\/?attachment_id=885'><img loading=\"lazy\" decoding=\"async\" width=\"150\" height=\"150\" src=\"https:\/\/www.galeriaoctagono.com\/blog\/wp-content\/uploads\/Proceso-7-150x150.jpg\" class=\"attachment-thumbnail size-thumbnail\" alt=\"\" sizes=\"auto, 100vw\" \/><\/a>\n\t\t\t<\/div><\/figure><figure class='gallery-item'>\n\t\t\t<div class='gallery-icon landscape'>\n\t\t\t\t<a href='https:\/\/www.galeriaoctagono.com\/blog\/?attachment_id=932'><img loading=\"lazy\" decoding=\"async\" width=\"150\" height=\"150\" src=\"https:\/\/www.galeriaoctagono.com\/blog\/wp-content\/uploads\/pancarta1-wp-150x150.jpg\" class=\"attachment-thumbnail size-thumbnail\" alt=\"\" sizes=\"auto, 100vw\" \/><\/a>\n\t\t\t<\/div><\/figure>\n\t\t<\/div>\n<br \/>\nEl 1 de agosto a las 20h. se inaugura en el Casal de la M\u00fasica de Gata de Gorgos una muestra restropectiva de balconadas. La muestra permanecer\u00e1 abierta hasta el 9 de setiembre de mi\u00e9rcoles a domingo de 19 a 21h.<br \/>\nOs esperamos.<\/p>\n<p>L&#8217;1 d&#8217;agost a les 20h. s&#8217;inaugura en el Casal de la M\u00fasica de Gata de Gorgos una mostra restropectiva de balconades: romandr\u00e1\u00a0 oberta fins al 9 de setembre de dimecres a diumenge de 19 a 21h. Us esperem.<\/p>\n<p>Tomorrow is the inauguration of a retro exhibit of balcony works at Casal de la M\u00c3\u00basica in Gata de Gorgos, Spain. The show will be open to the public until Sept. 9 from Wed. through Sun. 7:00 to 9:00pm. See you there!<\/p>\n","protected":false},"excerpt":{"rendered":"<p>El 1 de agosto a las 20h. se inaugura en el Casal de la M\u00fasica de Gata de Gorgos una muestra restropectiva de balconadas. La muestra permanecer\u00e1 abierta hasta el 9 de setiembre de mi\u00e9rcoles a domingo de 19 a 21h. Os esperamos. L&#8217;1 d&#8217;agost a les 20h. s&#8217;inaugura en el Casal de la M\u00fasica &hellip; <\/p>\n<p class=\"link-more\"><a href=\"https:\/\/www.galeriaoctagono.com\/blog\/?p=878\" class=\"more-link\">Continue reading<span class=\"screen-reader-text\"> &#8220;Silvia Piza-Tandlich: ART AL VENT Festival \/ ART AL VENT&#8221;<\/span><\/a><\/p>\n","protected":false},"author":3,"featured_media":0,"comment_status":"open","ping_status":"open","sticky":false,"template":"","format":"standard","meta":{"footnotes":""},"categories":[8,17],"tags":[],"class_list":["post-878","post","type-post","status-publish","format-standard","hentry","category-exhibits","category-textile-textil"],"_links":{"self":[{"href":"https:\/\/www.galeriaoctagono.com\/blog\/index.php?rest_route=\/wp\/v2\/posts\/878","targetHints":{"allow":["GET"]}}],"collection":[{"href":"https:\/\/www.galeriaoctagono.com\/blog\/index.php?rest_route=\/wp\/v2\/posts"}],"about":[{"href":"https:\/\/www.galeriaoctagono.com\/blog\/index.php?rest_route=\/wp\/v2\/types\/post"}],"author":[{"embeddable":true,"href":"https:\/\/www.galeriaoctagono.com\/blog\/index.php?rest_route=\/wp\/v2\/users\/3"}],"replies":[{"embeddable":true,"href":"https:\/\/www.galeriaoctagono.com\/blog\/index.php?rest_route=%2Fwp%2Fv2%2Fcomments&post=878"}],"version-history":[{"count":7,"href":"https:\/\/www.galeriaoctagono.com\/blog\/index.php?rest_route=\/wp\/v2\/posts\/878\/revisions"}],"predecessor-version":[{"id":2032,"href":"https:\/\/www.galeriaoctagono.com\/blog\/index.php?rest_route=\/wp\/v2\/posts\/878\/revisions\/2032"}],"wp:attachment":[{"href":"https:\/\/www.galeriaoctagono.com\/blog\/index.php?rest_route=%2Fwp%2Fv2%2Fmedia&parent=878"}],"wp:term":[{"taxonomy":"category","embeddable":true,"href":"https:\/\/www.galeriaoctagono.com\/blog\/index.php?rest_route=%2Fwp%2Fv2%2Fcategories&post=878"},{"taxonomy":"post_tag","embeddable":true,"href":"https:\/\/www.galeriaoctagono.com\/blog\/index.php?rest_route=%2Fwp%2Fv2%2Ftags&post=878"}],"curies":[{"name":"wp","href":"https:\/\/api.w.org\/{rel}","templated":true}]}}