{"id":731,"date":"2012-03-10T10:08:45","date_gmt":"2012-03-10T16:08:45","guid":{"rendered":"http:\/\/www.galeriaoctagono.com\/blog\/?p=731"},"modified":"2021-07-07T08:21:18","modified_gmt":"2021-07-07T14:21:18","slug":"radio-show-hablemos-de-cultura","status":"publish","type":"post","link":"https:\/\/www.galeriaoctagono.com\/blog\/?p=731","title":{"rendered":"RADIO SHOW: Hablemos de cultura"},"content":{"rendered":"<p><strong>S\u00e1bados 3:00pm  Saturdays<\/strong><\/p>\n<p><a href=\"http:\/\/www.galeriaoctagono.com\/blog\/wp-content\/uploads\/header11.png\"><img loading=\"lazy\" decoding=\"async\" src=\"http:\/\/www.galeriaoctagono.com\/blog\/wp-content\/uploads\/header11.png\" alt=\"\" title=\"header1\" width=\"1000\" height=\"85\" class=\"aligncenter size-full wp-image-735\" srcset=\"https:\/\/www.galeriaoctagono.com\/blog\/wp-content\/uploads\/header11.png 1000w, https:\/\/www.galeriaoctagono.com\/blog\/wp-content\/uploads\/header11-300x25.png 300w, https:\/\/www.galeriaoctagono.com\/blog\/wp-content\/uploads\/header11-500x42.png 500w\" sizes=\"auto, (max-width: 767px) 89vw, (max-width: 1000px) 54vw, (max-width: 1071px) 543px, 580px\" \/><\/p>\n<p><a href='' >Rainforest Radio, La Voz de Osa<\/a><\/p>\n<p><\/a>  Silvia Piza-Tandlich es una culturista con ra\u00edces en la responsabilidad ambiental. Su visi\u00f3n le permite desarrollar una conducta \u00e9tica y c\u00edvica, la cual, conjugada con su creaci\u00f3n art\u00edstica, educa y proyecta filosof\u00edas de rescate de tradiciones costarricenses, rescate art\u00edstico de materiales usados y apoyo a la diversidad humana en todas sus formas. Al facilitar redes comunitarias de apoyo, Silvia protege y enriquece la identidad tica y, a la vez, explora y disfruta lo cultural, exponi\u00e9ndolo de una manera sencilla y f\u00e1cil de entender.<\/p>\n<p><strong>Silvia Piza-Tandlich is a culture maker, with roots in environmental responsibility. Her vision allows her to develop an ethical and civic conduct together with her artistic creation. She educates, and lures to rescue the Costa Rican tradition, artistic use of rescued materials, and support for human diversity in all its forms. By offering community support nets, Silvia protects and enriches Tico identity, exploring and enjoying cultural life, and sharing it in a simple, easy to understand way.   <\/strong><\/p>\n<p><a href=\"http:\/\/www.galeriaoctagono.com\/blog\/wp-content\/uploads\/Radio-2.jpg\"><img loading=\"lazy\" decoding=\"async\" src=\"http:\/\/www.galeriaoctagono.com\/blog\/wp-content\/uploads\/Radio-2-150x150.jpg\" alt=\"\" title=\"Radio 2\" width=\"150\" height=\"150\" class=\"alignnone size-thumbnail wp-image-742\" \/><\/a>   <a href=\"http:\/\/www.galeriaoctagono.com\/blog\/wp-content\/uploads\/423653_10150552543331533_670661532_9211020_505156783_n.jpg\"><img loading=\"lazy\" decoding=\"async\" src=\"http:\/\/www.galeriaoctagono.com\/blog\/wp-content\/uploads\/423653_10150552543331533_670661532_9211020_505156783_n-300x225.jpg\" alt=\"\" title=\"Silvia e invitados al programa\" width=\"300\" height=\"225\" class=\"alignleft size-medium wp-image-856\" srcset=\"https:\/\/www.galeriaoctagono.com\/blog\/wp-content\/uploads\/423653_10150552543331533_670661532_9211020_505156783_n-300x225.jpg 300w, https:\/\/www.galeriaoctagono.com\/blog\/wp-content\/uploads\/423653_10150552543331533_670661532_9211020_505156783_n-400x300.jpg 400w, https:\/\/www.galeriaoctagono.com\/blog\/wp-content\/uploads\/423653_10150552543331533_670661532_9211020_505156783_n.jpg 960w\" sizes=\"auto, (max-width: 300px) 100vw, 300px\" \/><\/a><\/p>\n","protected":false},"excerpt":{"rendered":"<p>S\u00e1bados 3:00pm Saturdays Rainforest Radio, La Voz de Osa Silvia Piza-Tandlich es una culturista con ra\u00edces en la responsabilidad ambiental. Su visi\u00f3n le permite desarrollar una conducta \u00e9tica y c\u00edvica, la cual, conjugada con su creaci\u00f3n art\u00edstica, educa y proyecta filosof\u00edas de rescate de tradiciones costarricenses, rescate art\u00edstico de materiales usados y apoyo a la &hellip; <\/p>\n<p class=\"link-more\"><a href=\"https:\/\/www.galeriaoctagono.com\/blog\/?p=731\" class=\"more-link\">Continue reading<span class=\"screen-reader-text\"> &#8220;RADIO SHOW: Hablemos de cultura&#8221;<\/span><\/a><\/p>\n","protected":false},"author":3,"featured_media":0,"comment_status":"open","ping_status":"closed","sticky":false,"template":"","format":"standard","meta":{"footnotes":""},"categories":[7],"tags":[26,21,20,22,25,24],"class_list":["post-731","post","type-post","status-publish","format-standard","hentry","category-community","tag-community-2","tag-cultura","tag-radio","tag-rescate","tag-rescue","tag-tradition"],"_links":{"self":[{"href":"https:\/\/www.galeriaoctagono.com\/blog\/index.php?rest_route=\/wp\/v2\/posts\/731","targetHints":{"allow":["GET"]}}],"collection":[{"href":"https:\/\/www.galeriaoctagono.com\/blog\/index.php?rest_route=\/wp\/v2\/posts"}],"about":[{"href":"https:\/\/www.galeriaoctagono.com\/blog\/index.php?rest_route=\/wp\/v2\/types\/post"}],"author":[{"embeddable":true,"href":"https:\/\/www.galeriaoctagono.com\/blog\/index.php?rest_route=\/wp\/v2\/users\/3"}],"replies":[{"embeddable":true,"href":"https:\/\/www.galeriaoctagono.com\/blog\/index.php?rest_route=%2Fwp%2Fv2%2Fcomments&post=731"}],"version-history":[{"count":47,"href":"https:\/\/www.galeriaoctagono.com\/blog\/index.php?rest_route=\/wp\/v2\/posts\/731\/revisions"}],"predecessor-version":[{"id":2024,"href":"https:\/\/www.galeriaoctagono.com\/blog\/index.php?rest_route=\/wp\/v2\/posts\/731\/revisions\/2024"}],"wp:attachment":[{"href":"https:\/\/www.galeriaoctagono.com\/blog\/index.php?rest_route=%2Fwp%2Fv2%2Fmedia&parent=731"}],"wp:term":[{"taxonomy":"category","embeddable":true,"href":"https:\/\/www.galeriaoctagono.com\/blog\/index.php?rest_route=%2Fwp%2Fv2%2Fcategories&post=731"},{"taxonomy":"post_tag","embeddable":true,"href":"https:\/\/www.galeriaoctagono.com\/blog\/index.php?rest_route=%2Fwp%2Fv2%2Ftags&post=731"}],"curies":[{"name":"wp","href":"https:\/\/api.w.org\/{rel}","templated":true}]}}