{"id":1096,"date":"2013-06-13T10:57:37","date_gmt":"2013-06-13T16:57:37","guid":{"rendered":"http:\/\/www.galeriaoctagono.com\/blog\/?p=1096"},"modified":"2021-07-05T19:47:48","modified_gmt":"2021-07-06T01:47:48","slug":"miercoles-comunitarios-community-wednesdays","status":"publish","type":"post","link":"https:\/\/www.galeriaoctagono.com\/blog\/?p=1096","title":{"rendered":"Mi\u00e9rcoles comunitarios &#8211; Community Wednesdays"},"content":{"rendered":"<p><strong>Los mi\u00e9rcoles ofrecemos un lugar de encuentro toda la tarde, para que los vecinos vengan y compartan.<br \/>\nSi gustan hacer alg\u00fan proyecto textil, les ofrecemos ayuda y compartimos materiales.<br \/>\nPueden traer reposter\u00eda y la Galer\u00eda ofrece bebidas y galletas.<br \/>\nEste servicio es gratis para la comunidad.<\/strong><\/p>\n<p><figure id=\"attachment_1097\" aria-describedby=\"caption-attachment-1097\" style=\"width: 225px\" class=\"wp-caption alignleft\"><a href=\"http:\/\/www.galeriaoctagono.com\/blog\/wp-content\/uploads\/community-2.jpg\"><img loading=\"lazy\" decoding=\"async\" src=\"http:\/\/www.galeriaoctagono.com\/blog\/wp-content\/uploads\/community-2-225x300.jpg\" alt=\"Joven pianista Patrick Brandl junto a su m\u00e1scara. \" width=\"225\" height=\"300\" class=\"size-medium wp-image-1097\" srcset=\"https:\/\/www.galeriaoctagono.com\/blog\/wp-content\/uploads\/community-2-225x300.jpg 225w, https:\/\/www.galeriaoctagono.com\/blog\/wp-content\/uploads\/community-2.jpg 480w\" sizes=\"auto, (max-width: 225px) 100vw, 225px\" \/><\/a><figcaption id=\"caption-attachment-1097\" class=\"wp-caption-text\">Joven pianista Patrick Brandl junto a su m\u00e1scara.<\/figcaption><\/figure>   <figure id=\"attachment_1098\" aria-describedby=\"caption-attachment-1098\" style=\"width: 225px\" class=\"wp-caption alignright\"><a href=\"http:\/\/www.galeriaoctagono.com\/blog\/wp-content\/uploads\/comunidad-1.jpg\"><img loading=\"lazy\" decoding=\"async\" src=\"http:\/\/www.galeriaoctagono.com\/blog\/wp-content\/uploads\/comunidad-1-225x300.jpg\" alt=\"Detalle de m\u00e1scara hecha en t\u00e9cnica de cester\u00eda.\" width=\"225\" height=\"300\" class=\"size-medium wp-image-1098\" srcset=\"https:\/\/www.galeriaoctagono.com\/blog\/wp-content\/uploads\/comunidad-1-225x300.jpg 225w, https:\/\/www.galeriaoctagono.com\/blog\/wp-content\/uploads\/comunidad-1.jpg 480w\" sizes=\"auto, (max-width: 225px) 100vw, 225px\" \/><\/a><figcaption id=\"caption-attachment-1098\" class=\"wp-caption-text\">Detalle de m\u00e1scara hecha en t\u00e9cnica de cester\u00eda.<\/figcaption><\/figure>   <figure id=\"attachment_1099\" aria-describedby=\"caption-attachment-1099\" style=\"width: 640px\" class=\"wp-caption aligncenter\"><a href=\"http:\/\/www.galeriaoctagono.com\/blog\/wp-content\/uploads\/community-3.jpg\"><img loading=\"lazy\" decoding=\"async\" src=\"http:\/\/www.galeriaoctagono.com\/blog\/wp-content\/uploads\/community-3.jpg\" alt=\"Patricia terminando su primera quilt, con el marco de macram\u00e9 hecho por su esposo.\" width=\"640\" height=\"368\" class=\"size-full wp-image-1099\" srcset=\"https:\/\/www.galeriaoctagono.com\/blog\/wp-content\/uploads\/community-3.jpg 640w, https:\/\/www.galeriaoctagono.com\/blog\/wp-content\/uploads\/community-3-300x172.jpg 300w, https:\/\/www.galeriaoctagono.com\/blog\/wp-content\/uploads\/community-3-500x287.jpg 500w\" sizes=\"auto, (max-width: 640px) 100vw, 640px\" \/><\/a><figcaption id=\"caption-attachment-1099\" class=\"wp-caption-text\">Patricia terminando su primera quilt, con el marco de macram\u00e9 hecho por su esposo.<\/figcaption><\/figure><\/p>\n<p><figure id=\"attachment_1100\" aria-describedby=\"caption-attachment-1100\" style=\"width: 150px\" class=\"wp-caption alignleft\"><a href=\"http:\/\/www.galeriaoctagono.com\/blog\/wp-content\/uploads\/Irene.jpg\"><img loading=\"lazy\" decoding=\"async\" src=\"http:\/\/www.galeriaoctagono.com\/blog\/wp-content\/uploads\/Irene-150x150.jpg\" alt=\"Irene borda varios bolsos para vender - Irene embroiders some bags for sale.\" width=\"150\" height=\"150\" class=\"size-thumbnail wp-image-1100\" \/><\/a><figcaption id=\"caption-attachment-1100\" class=\"wp-caption-text\">Irene borda varios bolsos para vender &#8211; Irene embroiders some bags for sale.<\/figcaption><\/figure><br \/>\n<strong>On Wednesdays we offer a meeting place all afternoon so that neighbors come over, meet people and share experiences.<br \/>\nIf you want to do a textile project, we offer you help, and share materials with you.<br \/>\nYou may bring pastries, but the Gallery usually offers beverages and cookies.<br \/>\nThis is, of course, free of charge to the community.<\/strong><\/p>\n<p><a href=\"http:\/\/www.galeriaoctagono.com\/blog\/wp-content\/uploads\/comunidad-4.jpg\"><img loading=\"lazy\" decoding=\"async\" src=\"http:\/\/www.galeriaoctagono.com\/blog\/wp-content\/uploads\/comunidad-4-150x150.jpg\" alt=\"comunidad 4\" width=\"150\" height=\"150\" class=\"alignleft size-thumbnail wp-image-1169\" \/><\/a><\/p>\n<p><figure id=\"attachment_1170\" aria-describedby=\"caption-attachment-1170\" style=\"width: 225px\" class=\"wp-caption alignleft\"><a href=\"http:\/\/www.galeriaoctagono.com\/blog\/wp-content\/uploads\/comunidad-5.jpg\"><img loading=\"lazy\" decoding=\"async\" src=\"http:\/\/www.galeriaoctagono.com\/blog\/wp-content\/uploads\/comunidad-5-225x300.jpg\" alt=\"Obra terminada por Patricia.\" width=\"225\" height=\"300\" class=\"size-medium wp-image-1170\" srcset=\"https:\/\/www.galeriaoctagono.com\/blog\/wp-content\/uploads\/comunidad-5-225x300.jpg 225w, https:\/\/www.galeriaoctagono.com\/blog\/wp-content\/uploads\/comunidad-5.jpg 480w\" sizes=\"auto, (max-width: 225px) 100vw, 225px\" \/><\/a><figcaption id=\"caption-attachment-1170\" class=\"wp-caption-text\">Obra terminada por Patricia.<\/figcaption><\/figure>   <figure id=\"attachment_1169\" aria-describedby=\"caption-attachment-1169\" style=\"width: 225px\" class=\"wp-caption alignright\"><a href=\"http:\/\/www.galeriaoctagono.com\/blog\/wp-content\/uploads\/comunidad-4.jpg\"><img loading=\"lazy\" decoding=\"async\" src=\"http:\/\/www.galeriaoctagono.com\/blog\/wp-content\/uploads\/comunidad-4-225x300.jpg\" alt=\"L\u00e1mpara de Patrick, ya terminada. Patrick's lamp already finished.\" width=\"225\" height=\"300\" class=\"size-medium wp-image-1169\" srcset=\"https:\/\/www.galeriaoctagono.com\/blog\/wp-content\/uploads\/comunidad-4-225x300.jpg 225w, https:\/\/www.galeriaoctagono.com\/blog\/wp-content\/uploads\/comunidad-4.jpg 480w\" sizes=\"auto, (max-width: 225px) 100vw, 225px\" \/><\/a><figcaption id=\"caption-attachment-1169\" class=\"wp-caption-text\">L\u00e1mpara de Patrick, ya terminada.<br \/>Patrick&#8217;s lamp already finished.<\/figcaption><\/figure><\/p>\n","protected":false},"excerpt":{"rendered":"<p>Los mi\u00e9rcoles ofrecemos un lugar de encuentro toda la tarde, para que los vecinos vengan y compartan. Si gustan hacer alg\u00fan proyecto textil, les ofrecemos ayuda y compartimos materiales. Pueden traer reposter\u00eda y la Galer\u00eda ofrece bebidas y galletas. Este servicio es gratis para la comunidad. On Wednesdays we offer a meeting place all afternoon &hellip; <\/p>\n<p class=\"link-more\"><a href=\"https:\/\/www.galeriaoctagono.com\/blog\/?p=1096\" class=\"more-link\">Continue reading<span class=\"screen-reader-text\"> &#8220;Mi\u00e9rcoles comunitarios &#8211; Community Wednesdays&#8221;<\/span><\/a><\/p>\n","protected":false},"author":3,"featured_media":0,"comment_status":"open","ping_status":"closed","sticky":false,"template":"","format":"standard","meta":{"footnotes":""},"categories":[7],"tags":[26,38],"class_list":["post-1096","post","type-post","status-publish","format-standard","hentry","category-community","tag-community-2","tag-costa-rican-textile-art"],"_links":{"self":[{"href":"https:\/\/www.galeriaoctagono.com\/blog\/index.php?rest_route=\/wp\/v2\/posts\/1096","targetHints":{"allow":["GET"]}}],"collection":[{"href":"https:\/\/www.galeriaoctagono.com\/blog\/index.php?rest_route=\/wp\/v2\/posts"}],"about":[{"href":"https:\/\/www.galeriaoctagono.com\/blog\/index.php?rest_route=\/wp\/v2\/types\/post"}],"author":[{"embeddable":true,"href":"https:\/\/www.galeriaoctagono.com\/blog\/index.php?rest_route=\/wp\/v2\/users\/3"}],"replies":[{"embeddable":true,"href":"https:\/\/www.galeriaoctagono.com\/blog\/index.php?rest_route=%2Fwp%2Fv2%2Fcomments&post=1096"}],"version-history":[{"count":10,"href":"https:\/\/www.galeriaoctagono.com\/blog\/index.php?rest_route=\/wp\/v2\/posts\/1096\/revisions"}],"predecessor-version":[{"id":2058,"href":"https:\/\/www.galeriaoctagono.com\/blog\/index.php?rest_route=\/wp\/v2\/posts\/1096\/revisions\/2058"}],"wp:attachment":[{"href":"https:\/\/www.galeriaoctagono.com\/blog\/index.php?rest_route=%2Fwp%2Fv2%2Fmedia&parent=1096"}],"wp:term":[{"taxonomy":"category","embeddable":true,"href":"https:\/\/www.galeriaoctagono.com\/blog\/index.php?rest_route=%2Fwp%2Fv2%2Fcategories&post=1096"},{"taxonomy":"post_tag","embeddable":true,"href":"https:\/\/www.galeriaoctagono.com\/blog\/index.php?rest_route=%2Fwp%2Fv2%2Ftags&post=1096"}],"curies":[{"name":"wp","href":"https:\/\/api.w.org\/{rel}","templated":true}]}}